{"id":1007,"date":"2018-07-20T06:29:56","date_gmt":"2018-07-20T06:29:56","guid":{"rendered":"http:\/\/www.bambuspforte.de\/?p=1007"},"modified":"2018-07-21T08:29:49","modified_gmt":"2018-07-21T06:29:49","slug":"das-deutsch-chinesische-sommerfest-fuer-jugendliche-ist-wieder-da","status":"publish","type":"post","link":"http:\/\/www.bambuspforte.de\/?p=1007","title":{"rendered":"Das Deutsch-Chinesische Sommerfest f\u00fcr Jugendliche ist wieder da!"},"content":{"rendered":"<p>Vom 17.08.2018 bis zum 19.08.2018 findet das 3. Deutsch-Chinesische Sommerfest f\u00fcr Jugendliche in Berlin statt. In diesem Jahr wird der Veranstalter Bambuspforte e.V. &#8211; Gesellschaft f\u00fcr Deutsch-Chinesischen Kulturaustausch wieder ein vielf\u00e4ltiges Programm anbieten. Insgesamt werden sich \u00fcber 10 deutsche und chinesische Institutionen mit ca. 200 Kindern und Jugendlichen in der deutschen Hauptstadt Berlin treffen.<\/p>\n<p><img loading=\"lazy\" decoding=\"async\" class=\"alignnone size-large wp-image-1038\" src=\"http:\/\/www.bambuspforte.de\/wp-content\/uploads\/2018\/07\/\u6d77\u62a5-1-718x1024.jpg\" alt=\"\" width=\"625\" height=\"891\" srcset=\"http:\/\/www.bambuspforte.de\/wp-content\/uploads\/2018\/07\/\u6d77\u62a5-1-718x1024.jpg 718w, http:\/\/www.bambuspforte.de\/wp-content\/uploads\/2018\/07\/\u6d77\u62a5-1-210x300.jpg 210w, http:\/\/www.bambuspforte.de\/wp-content\/uploads\/2018\/07\/\u6d77\u62a5-1-768x1096.jpg 768w, http:\/\/www.bambuspforte.de\/wp-content\/uploads\/2018\/07\/\u6d77\u62a5-1-624x890.jpg 624w, http:\/\/www.bambuspforte.de\/wp-content\/uploads\/2018\/07\/\u6d77\u62a5-1.jpg 1045w\" sizes=\"(max-width: 625px) 100vw, 625px\" \/><\/p>\n<p>Das dreit\u00e4tige Programm umfasst \u00a0spannende\u00a0Workshops, Kunstprojekte,\u00a0sowie eine Er\u00f6ffnungsfeier und ein Abschlusskonzert mit\u00a0buntem B\u00fchnenprogramm, bei denen die Kinder und Jugendlichen aus beiden L\u00e4ndern die M\u00f6glichkeit bekommen, sich ganz ungezwungen kennen zu lernen und\u00a0einmalige interkulturelle und internationale Erfahrung\u00a0zu sammeln.<\/p>\n<p>In der letzten Ferienwoche erwarten wir Euch zu dem freundschaftlichen und interessanten Sommerfest!<br \/>\nHerzlich willkommen!<\/p>\n<p><img loading=\"lazy\" decoding=\"async\" class=\"alignnone size-large wp-image-1054\" src=\"http:\/\/www.bambuspforte.de\/wp-content\/uploads\/2018\/07\/IMG_1605_mod-1-1-1024x683.jpg\" alt=\"\" width=\"625\" height=\"417\" srcset=\"http:\/\/www.bambuspforte.de\/wp-content\/uploads\/2018\/07\/IMG_1605_mod-1-1-1024x683.jpg 1024w, http:\/\/www.bambuspforte.de\/wp-content\/uploads\/2018\/07\/IMG_1605_mod-1-1-300x200.jpg 300w, http:\/\/www.bambuspforte.de\/wp-content\/uploads\/2018\/07\/IMG_1605_mod-1-1-768x512.jpg 768w, http:\/\/www.bambuspforte.de\/wp-content\/uploads\/2018\/07\/IMG_1605_mod-1-1-624x416.jpg 624w, http:\/\/www.bambuspforte.de\/wp-content\/uploads\/2018\/07\/IMG_1605_mod-1-1.jpg 1920w\" sizes=\"(max-width: 625px) 100vw, 625px\" \/><\/p>\n<h1><a href=\"http:\/\/www.bambuspforte.de\/?event=eroeffnungsfeier-mit-ausstellung-des-deutsch-chinesischen-sommerfest-fuer-jugendliche\">1. Er\u00f6ffnungsfeier mit Ausstellung<\/a><\/h1>\n<p><strong>Zeit: 17.08.2017 (Fr.) 15:00-18:30<\/strong><br \/>\n<strong>Ort: Admiralspalast, Studio<\/strong><br \/>\n<strong>Friedrichstra\u00dfe 101, 10117 Berlin<\/strong><br \/>\n<strong>Eintritt: 7,00 Euro, freier Eintritt f\u00fcr Kinder unter 12 Jahre alt<\/strong><br \/>\n<strong>Ticketsvorverkauf: Ticketsmaster<\/strong><br \/>\n<strong>Reservierung: reservation@bambuspforte.de<\/strong><\/p>\n<p><img loading=\"lazy\" decoding=\"async\" class=\"alignnone size-large wp-image-1047\" src=\"http:\/\/www.bambuspforte.de\/wp-content\/uploads\/2018\/07\/Admiralspalast_2-1024x323.jpg\" alt=\"\" width=\"625\" height=\"197\" srcset=\"http:\/\/www.bambuspforte.de\/wp-content\/uploads\/2018\/07\/Admiralspalast_2-1024x323.jpg 1024w, http:\/\/www.bambuspforte.de\/wp-content\/uploads\/2018\/07\/Admiralspalast_2-300x95.jpg 300w, http:\/\/www.bambuspforte.de\/wp-content\/uploads\/2018\/07\/Admiralspalast_2-768x243.jpg 768w, http:\/\/www.bambuspforte.de\/wp-content\/uploads\/2018\/07\/Admiralspalast_2-624x197.jpg 624w, http:\/\/www.bambuspforte.de\/wp-content\/uploads\/2018\/07\/Admiralspalast_2.jpg 1200w\" sizes=\"(max-width: 625px) 100vw, 625px\" \/><\/p>\n<p><a href=\"http:\/\/www.bambuspforte.de\/?event=eroeffnungsfeier-mit-ausstellung-des-deutsch-chinesischen-sommerfest-fuer-jugendliche\">Weitere Info &gt;&gt;<\/a><\/p>\n<h1><a href=\"http:\/\/www.bambuspforte.de\/?event=%e4%b8%ad%e6%96%87-%e6%9f%8f%e6%9e%97%e5%a2%99%e6%96%87%e5%8c%96%e8%89%ba%e6%9c%af%e6%b4%bb%e5%8a%a8\"><strong>2. Kunstprojekt \u201eMeine Berliner Mauer\u201c<\/strong><\/a><\/h1>\n<p><strong>Zeit: 18.08.2018 (Sa.)\u00a0<\/strong><strong>09:00-12:00<\/strong><br \/>\n<strong>Ort: Gedenkst\u00e4tte Berliner Mauer<\/strong><br \/>\n<strong>Bernauer Str. 113, 13355 Berlin<\/strong><br \/>\n<strong>Kostenlose Veranstaltung<\/strong><br \/>\n<strong>Anmeldung erforderlich bis zum 10.08.2018<\/strong><br \/>\n<strong>Anmeldung: reservation@bambuspforte.de<\/strong><\/p>\n<p><img loading=\"lazy\" decoding=\"async\" class=\"alignnone size-large wp-image-1015\" src=\"http:\/\/www.bambuspforte.de\/wp-content\/uploads\/2018\/07\/Mauer-1024x768.jpg\" alt=\"\" width=\"625\" height=\"469\" srcset=\"http:\/\/www.bambuspforte.de\/wp-content\/uploads\/2018\/07\/Mauer-1024x768.jpg 1024w, http:\/\/www.bambuspforte.de\/wp-content\/uploads\/2018\/07\/Mauer-300x225.jpg 300w, http:\/\/www.bambuspforte.de\/wp-content\/uploads\/2018\/07\/Mauer-768x576.jpg 768w, http:\/\/www.bambuspforte.de\/wp-content\/uploads\/2018\/07\/Mauer-624x468.jpg 624w, http:\/\/www.bambuspforte.de\/wp-content\/uploads\/2018\/07\/Mauer.jpg 1440w\" sizes=\"(max-width: 625px) 100vw, 625px\" \/><\/p>\n<p><a href=\"http:\/\/www.bambuspforte.de\/?event=%e4%b8%ad%e6%96%87-%e6%9f%8f%e6%9e%97%e5%a2%99%e6%96%87%e5%8c%96%e8%89%ba%e6%9c%af%e6%b4%bb%e5%8a%a8\">Weitere Info &gt;&gt;<\/a><\/p>\n<h1><a href=\"http:\/\/www.bambuspforte.de\/?event=klavierworkshop\"><strong>3. Klavierworkshop<\/strong><\/a><\/h1>\n<p><strong>Zeit: 18.08.2018 (Sa.)\u00a0<\/strong><strong>09:30-12:30<\/strong><br \/>\n<strong>Ort: Joseph-Joachim-Konzertsaal der Universit\u00e4t der K\u00fcnste<\/strong><br \/>\n<strong>Bundesallee 1-12, 10719 Berlin<\/strong><br \/>\n<strong>Kleine Gruppenunterricht mit 6 Personen<\/strong><br \/>\n<strong>Anmeldung: reservation@bambuspforte.de<\/strong><br \/>\n<strong>Anmeldungsfrist: 10.08.2018<\/strong><\/p>\n<p>Prof. Martina Bauer und Prof. Kristina Bauer<br \/>\n<a href=\"http:\/\/www.bambuspforte.de\/wp-content\/uploads\/2018\/07\/01.jpg\"><img loading=\"lazy\" decoding=\"async\" class=\"alignnone size-medium wp-image-1018\" src=\"http:\/\/www.bambuspforte.de\/wp-content\/uploads\/2018\/07\/01-300x200.jpg\" alt=\"\" width=\"300\" height=\"200\" srcset=\"http:\/\/www.bambuspforte.de\/wp-content\/uploads\/2018\/07\/01-300x200.jpg 300w, http:\/\/www.bambuspforte.de\/wp-content\/uploads\/2018\/07\/01.jpg 460w\" sizes=\"(max-width: 300px) 100vw, 300px\" \/><\/a><\/p>\n<p>Prof. Thomas Menrath<br \/>\n<a href=\"http:\/\/www.bambuspforte.de\/wp-content\/uploads\/2018\/07\/csm_thomas_menrath_400_7b1ce1e139.jpg\"><img loading=\"lazy\" decoding=\"async\" class=\"alignnone size-medium wp-image-1019\" src=\"http:\/\/www.bambuspforte.de\/wp-content\/uploads\/2018\/07\/csm_thomas_menrath_400_7b1ce1e139-300x300.jpg\" alt=\"\" width=\"300\" height=\"300\" srcset=\"http:\/\/www.bambuspforte.de\/wp-content\/uploads\/2018\/07\/csm_thomas_menrath_400_7b1ce1e139-300x300.jpg 300w, http:\/\/www.bambuspforte.de\/wp-content\/uploads\/2018\/07\/csm_thomas_menrath_400_7b1ce1e139-150x150.jpg 150w, http:\/\/www.bambuspforte.de\/wp-content\/uploads\/2018\/07\/csm_thomas_menrath_400_7b1ce1e139-624x624.jpg 624w, http:\/\/www.bambuspforte.de\/wp-content\/uploads\/2018\/07\/csm_thomas_menrath_400_7b1ce1e139.jpg 631w\" sizes=\"(max-width: 300px) 100vw, 300px\" \/><\/a><\/p>\n<p><a href=\"http:\/\/www.bambuspforte.de\/?event=klavierworkshop\">Weitere Info &gt;&gt;<\/a><\/p>\n<h1><a href=\"http:\/\/www.bambuspforte.de\/?event=klavierwettbewerb\"><strong>4. Klavierwettbewerb<\/strong><\/a><\/h1>\n<p><strong>Zeit: 18.08.2018 (Sa.) 14:00-18:00<\/strong><br \/>\n<strong>Ort: Joseph-Joachim-Konzertsaal der Universit\u00e4t der K\u00fcnste<\/strong><br \/>\n<strong>Bundesallee 1-12, 10719 Berlin<\/strong><\/p>\n<p><strong>Jury<\/strong>: Frau Prof. Anette Rennert, Frau Prof. Marina Bauer, Frau Prof. Kristina Bauer<br \/>\n<strong>Bemerkung<\/strong>: Genaue Infos zur Anmeldung bitte hier die PDF-Datei runterladen.<\/p>\n<p><strong>Leiterin der Jurygruppe: Prof. Anita Rennert<\/strong><br \/>\n<a href=\"http:\/\/www.bambuspforte.de\/wp-content\/uploads\/2018\/07\/Rennert.jpg\"><img loading=\"lazy\" decoding=\"async\" class=\"alignnone size-medium wp-image-1020\" src=\"http:\/\/www.bambuspforte.de\/wp-content\/uploads\/2018\/07\/Rennert-300x300.jpg\" alt=\"\" width=\"300\" height=\"300\" srcset=\"http:\/\/www.bambuspforte.de\/wp-content\/uploads\/2018\/07\/Rennert-300x300.jpg 300w, http:\/\/www.bambuspforte.de\/wp-content\/uploads\/2018\/07\/Rennert-150x150.jpg 150w, http:\/\/www.bambuspforte.de\/wp-content\/uploads\/2018\/07\/Rennert-624x624.jpg 624w, http:\/\/www.bambuspforte.de\/wp-content\/uploads\/2018\/07\/Rennert.jpg 631w\" sizes=\"(max-width: 300px) 100vw, 300px\" \/><\/a><\/p>\n<p><a href=\"http:\/\/www.bambuspforte.de\/?event=klavierwettbewerb\">Weitere Info &gt;&gt;<\/a><\/p>\n<h1><a href=\"http:\/\/www.bambuspforte.de\/?event=gemeinsames-malen-gegenseitiges-inspirieren\"><strong>5. Gemeinsames Malen, Gegenseitiges Inspirieren<\/strong><\/a><\/h1>\n<p><strong>Zeit: 18.08.2018 (Sa.)\u00a0<\/strong><strong>15:00-18:00<\/strong><br \/>\n<strong>Ort: Gedenkst\u00e4tte Berliner Mauer<\/strong><br \/>\n<strong>Bernauer Str. 113, 13355 Berlin<\/strong><br \/>\n<strong>Kostenlose Veranstaltung<\/strong><br \/>\n<strong>Anmeldung nicht erforderlich<\/strong><\/p>\n<p><img loading=\"lazy\" decoding=\"async\" class=\"alignnone size-large wp-image-1017\" src=\"http:\/\/www.bambuspforte.de\/wp-content\/uploads\/2018\/07\/20170819_214754_D7000_5600_mod-1024x678.jpg\" alt=\"\" width=\"625\" height=\"414\" srcset=\"http:\/\/www.bambuspforte.de\/wp-content\/uploads\/2018\/07\/20170819_214754_D7000_5600_mod-1024x678.jpg 1024w, http:\/\/www.bambuspforte.de\/wp-content\/uploads\/2018\/07\/20170819_214754_D7000_5600_mod-300x199.jpg 300w, http:\/\/www.bambuspforte.de\/wp-content\/uploads\/2018\/07\/20170819_214754_D7000_5600_mod-768x509.jpg 768w, http:\/\/www.bambuspforte.de\/wp-content\/uploads\/2018\/07\/20170819_214754_D7000_5600_mod-624x413.jpg 624w, http:\/\/www.bambuspforte.de\/wp-content\/uploads\/2018\/07\/20170819_214754_D7000_5600_mod.jpg 1920w\" sizes=\"(max-width: 625px) 100vw, 625px\" \/><\/p>\n<p><a href=\"http:\/\/www.bambuspforte.de\/?event=gemeinsames-malen-gegenseitiges-inspirieren\">Weitere Info &gt;&gt;<\/a><\/p>\n<h1><a href=\"http:\/\/www.bambuspforte.de\/?event=abschlusskonzert-im-roten-rathaus\"><strong>6. Abschlusskonzert im Roten Rathaus<\/strong><\/a><\/h1>\n<p><strong>Zeit: 20.08.2017 (So.) 16:00-18:00<\/strong><br \/>\n<strong>Ort: Festsaal im Roten Rathaus<\/strong><br \/>\n<strong>Rathausstra\u00dfe 15, 10178 Berlin<\/strong><br \/>\n<strong>Freier Eintritt<\/strong><br \/>\n<strong>Anmeldung erforderlich<\/strong><br \/>\n<strong>Anmeldung: reservation@bambuspforte.de<\/strong><\/p>\n<p><img loading=\"lazy\" decoding=\"async\" class=\"alignnone size-large wp-image-1021\" src=\"http:\/\/www.bambuspforte.de\/wp-content\/uploads\/2018\/07\/20170820_181456_D7000_5625_mod-1024x678.jpg\" alt=\"\" width=\"625\" height=\"414\" srcset=\"http:\/\/www.bambuspforte.de\/wp-content\/uploads\/2018\/07\/20170820_181456_D7000_5625_mod-1024x678.jpg 1024w, http:\/\/www.bambuspforte.de\/wp-content\/uploads\/2018\/07\/20170820_181456_D7000_5625_mod-300x199.jpg 300w, http:\/\/www.bambuspforte.de\/wp-content\/uploads\/2018\/07\/20170820_181456_D7000_5625_mod-768x509.jpg 768w, http:\/\/www.bambuspforte.de\/wp-content\/uploads\/2018\/07\/20170820_181456_D7000_5625_mod-624x413.jpg 624w, http:\/\/www.bambuspforte.de\/wp-content\/uploads\/2018\/07\/20170820_181456_D7000_5625_mod.jpg 1920w\" sizes=\"(max-width: 625px) 100vw, 625px\" \/><\/p>\n<p><a href=\"http:\/\/www.bambuspforte.de\/?event=abschlusskonzert-im-roten-rathaus\">Weitere Info &gt;&gt;<\/a><\/p>\n<p>Wir freuen uns auf Euch! Sch\u00f6ne Sommerzeit!<\/p>\n<h2>Veranstalter und Partner<\/h2>\n<p><img loading=\"lazy\" decoding=\"async\" class=\"alignnone size-large wp-image-1043\" src=\"http:\/\/www.bambuspforte.de\/wp-content\/uploads\/2018\/07\/Logos-zusammen-1024x791.jpg\" alt=\"\" width=\"625\" height=\"483\" srcset=\"http:\/\/www.bambuspforte.de\/wp-content\/uploads\/2018\/07\/Logos-zusammen-1024x791.jpg 1024w, http:\/\/www.bambuspforte.de\/wp-content\/uploads\/2018\/07\/Logos-zusammen-300x232.jpg 300w, http:\/\/www.bambuspforte.de\/wp-content\/uploads\/2018\/07\/Logos-zusammen-768x593.jpg 768w, http:\/\/www.bambuspforte.de\/wp-content\/uploads\/2018\/07\/Logos-zusammen-624x482.jpg 624w, http:\/\/www.bambuspforte.de\/wp-content\/uploads\/2018\/07\/Logos-zusammen.jpg 1547w\" sizes=\"(max-width: 625px) 100vw, 625px\" \/><\/p>","protected":false},"excerpt":{"rendered":"<p>Vom 17.08.2018 bis zum 19.08.2018 findet das 3. Deutsch-Chinesische Sommerfest f\u00fcr Jugendliche in Berlin statt. In diesem Jahr wird der Veranstalter Bambuspforte e.V. &#8211; Gesellschaft f\u00fcr Deutsch-Chinesischen Kulturaustausch wieder ein vielf\u00e4ltiges Programm anbieten. Insgesamt werden sich \u00fcber 10 deutsche und chinesische Institutionen mit ca. 200 Kindern und Jugendlichen in der deutschen Hauptstadt Berlin treffen. Das [&hellip;]<\/p>\n","protected":false},"author":2,"featured_media":0,"comment_status":"closed","ping_status":"open","sticky":false,"template":"","format":"standard","meta":{"footnotes":""},"categories":[1],"tags":[],"class_list":{"0":"post-1007","1":"post","2":"type-post","3":"status-publish","4":"format-standard","6":"category-uncategorized"},"_links":{"self":[{"href":"http:\/\/www.bambuspforte.de\/index.php?rest_route=\/wp\/v2\/posts\/1007"}],"collection":[{"href":"http:\/\/www.bambuspforte.de\/index.php?rest_route=\/wp\/v2\/posts"}],"about":[{"href":"http:\/\/www.bambuspforte.de\/index.php?rest_route=\/wp\/v2\/types\/post"}],"author":[{"embeddable":true,"href":"http:\/\/www.bambuspforte.de\/index.php?rest_route=\/wp\/v2\/users\/2"}],"replies":[{"embeddable":true,"href":"http:\/\/www.bambuspforte.de\/index.php?rest_route=%2Fwp%2Fv2%2Fcomments&post=1007"}],"version-history":[{"count":18,"href":"http:\/\/www.bambuspforte.de\/index.php?rest_route=\/wp\/v2\/posts\/1007\/revisions"}],"predecessor-version":[{"id":1057,"href":"http:\/\/www.bambuspforte.de\/index.php?rest_route=\/wp\/v2\/posts\/1007\/revisions\/1057"}],"wp:attachment":[{"href":"http:\/\/www.bambuspforte.de\/index.php?rest_route=%2Fwp%2Fv2%2Fmedia&parent=1007"}],"wp:term":[{"taxonomy":"category","embeddable":true,"href":"http:\/\/www.bambuspforte.de\/index.php?rest_route=%2Fwp%2Fv2%2Fcategories&post=1007"},{"taxonomy":"post_tag","embeddable":true,"href":"http:\/\/www.bambuspforte.de\/index.php?rest_route=%2Fwp%2Fv2%2Ftags&post=1007"}],"curies":[{"name":"wp","href":"https:\/\/api.w.org\/{rel}","templated":true}]}}